{"id":8045,"date":"2021-07-14T13:25:11","date_gmt":"2021-07-14T16:25:11","guid":{"rendered":"https:\/\/www.brasilnaweb.com.br\/blog\/?p=8045"},"modified":"2021-07-14T13:39:25","modified_gmt":"2021-07-14T16:39:25","slug":"fotos-para-e-commerce-tecnicas-de-fotografia-para-vender-mais","status":"publish","type":"post","link":"https:\/\/brasilnaweb.com.br\/blog\/fotos-para-e-commerce-tecnicas-de-fotografia-para-vender-mais\/","title":{"rendered":"Fotos para E-commerce: T\u00e9cnicas de fotografia para vender mais"},"content":{"rendered":"<p>Sabia que investindo em <strong>fotos para e-commerce<\/strong> \u00e9 poss\u00edvel valorizar ainda mais os seus produtos? Exatamente!<\/p>\n<p>N\u00e3o vamos falar aqui sobre frases clich\u00eas como \u201c<strong>uma imagem vale mais do que mil palavras<\/strong>\u201d, embora essa seja uma verdade e se encaixe perfeitamente nesse contexto. Mas sim do quanto a sua <a href=\"https:\/\/www.brasilnaweb.com.br\" target=\"_blank\" rel=\"noopener\"><strong>loja virtual<\/strong><\/a> pode e deve usufruir das t\u00e9cnicas de fotografias para encantar os seus clientes e despertar neles aquela vontade incontrol\u00e1vel de possuir todos os itens expostos.<\/p>\n<p>Neste momento voc\u00ea deve estar se perguntando porque as <strong>fotos para e-commerce s\u00e3o t\u00e3o relevantes<\/strong> para atrair a aten\u00e7\u00e3o dos potenciais clientes e impactar nas vendas. Pois bem, um estudo realizado pela empresa <strong>Pew Research apontou<\/strong> que o uso de imagens em textos tornam os conte\u00fados mais din\u00e2micos e atraentes para o usu\u00e1rio. Isso faz com que os textos com <strong>imagens sejam 94% mais visualizados do que um texto<\/strong> que n\u00e3o apresenta um apelo visual.<\/p>\n<p>&nbsp;<\/p>\n<h2>Como tirar Fotos para E-commerce: Dicas b\u00e1sicas que fazem a diferen\u00e7a<\/h2>\n<p>&nbsp;<\/p>\n<h3>1) Celular ou C\u00e2mera? Invista na qualidade e resolu\u00e7\u00e3o das imagens<\/h3>\n<p>Esse \u00e9 o primeiro passo para ter fotos para e-commerce incr\u00edveis. Essa dica \u00e9 fundamental para que o seu neg\u00f3cio tenha imagens n\u00edtidas e gra\u00e7as a esse aspecto o cliente seja capaz de visualizar todos os detalhes dos seus produtos. E fique atento: quanto maior a quantidade de pixels, mais resolu\u00e7\u00e3o.<\/p>\n<ul>\n<li>Celulares com <strong>20 mega pixels<\/strong> n\u00e3o deixam a desejar<\/li>\n<li>Existem celulares com <strong>64 MP (mega pixels) e tecnologia 8K<\/strong>, vai do bolso, mas \u00e9 uma ferramenta multi uso, concorda?<\/li>\n<li>C\u00e2meras profissionais s\u00e3o muito indicadas<\/li>\n<\/ul>\n<p><img loading=\"lazy\" decoding=\"async\" class=\"size-full wp-image-8051 aligncenter\" src=\"https:\/\/www.brasilnaweb.com.br\/blog\/wp-content\/uploads\/2021\/07\/celular-bom-para-tirar-fotos-ecommerce-vendas-online.png\" alt=\"\" width=\"700\" height=\"260\" \/><\/p>\n<h3><\/h3>\n<h3>2) Ilumina\u00e7\u00e3o natural ou por l\u00e2mpadas?<\/h3>\n<p>A ilumina\u00e7\u00e3o natural vai variar muito de ambiente para ambiente. Ent\u00e3o, invista em ter o <strong>controle da ilumina\u00e7\u00e3o<\/strong> por meio de l\u00e2mpadas claras 4000 K &#8211; NEUTRO &#8211; evite as amarelas (3000 k) e as super brancas (6000k).<\/p>\n<p>Essa foto abaixo foi tirada no est\u00fadio improvisado de um cliente nosso e resolve muito bem a demanda deles! Note que eles investiram em ilumina\u00e7\u00f5es e criaram at\u00e9 um nicho com linhas de nilon para que o produto fique suspenso e reduza a sombra abaixo do mesmo, facilitando o processo de corte do fundo da imagem!<\/p>\n<p>Ps: N\u00e3o repare no excesso de fita adesiva segurando tudo! hahaha<\/p>\n<p><img loading=\"lazy\" decoding=\"async\" class=\"size-full wp-image-8050 aligncenter\" src=\"https:\/\/www.brasilnaweb.com.br\/blog\/wp-content\/uploads\/2021\/07\/estudio-fotografia-improvisado-ecommerce2.png\" alt=\"\" width=\"450\" height=\"732\" \/><\/p>\n<h3><\/h3>\n<h3>3) Fundo Branco<\/h3>\n<p>\u00c9 imprescind\u00edvel ter algumas fotos com fundo branco, para que o consumidor n\u00e3o tenha d\u00favidas do que inclui no produto.<\/p>\n<p>Se necess\u00e1rio utilize o <a href=\"https:\/\/www.brasilnaweb.com.br\/canva\" target=\"_blank\" rel=\"noopener\">Canva.com<\/a> para <strong>recortar o fundo de imagens<\/strong>.<\/p>\n<p>\u00c9 comum <strong>fotos serem barradas em an\u00fancios no Facebook e Instagram por usarem cen\u00e1rios de fundo<\/strong> que mostram outros produtos al\u00e9m do produto principal, isso gera d\u00favidas no cliente, ent\u00e3o a pol\u00edtica dessas plataformas, pode exigir que certos produtos tenham foto com fundo branco.<\/p>\n<h3><img loading=\"lazy\" decoding=\"async\" class=\"wp-image-8052 size-large aligncenter\" src=\"https:\/\/www.brasilnaweb.com.br\/blog\/wp-content\/uploads\/2021\/07\/recortar-fundo-imagem-canva-1024x360.png\" alt=\"\" width=\"600\" height=\"211\" \/><\/h3>\n<h3><\/h3>\n<h3>4) \u00c2ngulos variados e &#8220;Close&#8221;<\/h3>\n<p>Tire fotos de v\u00e1rios \u00e2ngulos do produto. Imagine que o cliente est\u00e1 pegando e deseja olhar cada canto para ter certeza do que est\u00e1 comprando.<\/p>\n<p>Capture imagens bem de perto (CLOSE) nos pontos de diferenciais do produto para enriquecer a apresenta\u00e7\u00e3o do mesmo.<\/p>\n<p><img loading=\"lazy\" decoding=\"async\" class=\"size-full wp-image-8053 aligncenter\" src=\"https:\/\/www.brasilnaweb.com.br\/blog\/wp-content\/uploads\/2021\/07\/fotos-angulos-diferentes-produto-ecommerce.png\" alt=\"\" width=\"704\" height=\"517\" \/><\/p>\n<h3><\/h3>\n<h3>5) Produto em uso pelo consumidor e com cen\u00e1rio<\/h3>\n<p>Como falamos no in\u00edcio do texto, n\u00e3o h\u00e1 regras para produzir \u00f3timas imagens, por\u00e9m \u00e9 interessante que voc\u00ea prepare cen\u00e1rios ou paisagens como plano de fundo em algumas fotos para incrementar o contexto de aplica\u00e7\u00e3o sugerida do produto. \u00c9 como se o cliente se visse usando aquele produto, naquele local!<\/p>\n<h3><img loading=\"lazy\" decoding=\"async\" class=\"size-full wp-image-8049 aligncenter\" src=\"https:\/\/www.brasilnaweb.com.br\/blog\/wp-content\/uploads\/2021\/07\/foto-com-produto-em-uso-pelo-cliente.png\" alt=\"\" width=\"700\" height=\"316\" \/><\/h3>\n<h3><img loading=\"lazy\" decoding=\"async\" class=\"size-full wp-image-8055 aligncenter\" src=\"https:\/\/www.brasilnaweb.com.br\/blog\/wp-content\/uploads\/2021\/07\/foto-com-cenario-ecommerce.png\" alt=\"\" width=\"870\" height=\"582\" \/><\/h3>\n<h3><\/h3>\n<h3>6) Mostre uma no\u00e7\u00e3o de escala para o cliente<\/h3>\n<p>Quando n\u00e3o temos como ver um produto pessoalmente, como \u00e9 o caso das fotos para e-commerce, precisamos de uma no\u00e7\u00e3o de escala, que nada mais \u00e9 do que proporcionar ao cliente uma <strong>ideia do tamanho real de cada objeto<\/strong>. E mesmo que essa pare\u00e7a uma miss\u00e3o dif\u00edcil, basta inserir nas cenas das imagens algo que a pessoa (e a maioria da popula\u00e7\u00e3o) saiba o tamanho, como por exemplo, uma figura humana. Assim ela conseguir\u00e1 ter uma dimens\u00e3o dos seus produtos. Lembrando que voc\u00ea tamb\u00e9m pode usar outros recursos, como fotografar o item ao lado de um celular, uma fruta e demais pertences que tenham um tamanho comum.<\/p>\n<h3><img loading=\"lazy\" decoding=\"async\" class=\"wp-image-8048 size-large aligncenter\" src=\"https:\/\/www.brasilnaweb.com.br\/blog\/wp-content\/uploads\/2021\/07\/caneta-escala-1011x1024.jpg\" alt=\"\" width=\"600\" height=\"608\" \/><\/h3>\n<h3><\/h3>\n<h3>7) Sinestesia &#8211; Aguce os sentidos<\/h3>\n<p>Sabe quando vemos uma foto e <strong>salivamos ou nos lembramos de um cheiro<\/strong>? Isso \u00e9 a sinestesia causando um cruzamento de sensa\u00e7\u00f5es. Repare nas gostas no copo ou mesmo no brilho da carne que remete um produto rec\u00e9m preparado e quente!<\/p>\n<h3><img loading=\"lazy\" decoding=\"async\" class=\"size-full wp-image-8047 aligncenter\" src=\"https:\/\/www.brasilnaweb.com.br\/blog\/wp-content\/uploads\/2021\/07\/bigmac.gif\" alt=\"\" width=\"480\" height=\"480\" \/><\/h3>\n<h3><\/h3>\n<h3>8) Contrate um profissional para fazer as fotos para e-commerce<\/h3>\n<p>Se voc\u00ea n\u00e3o tem tempo, equipamentos de qualidade ou at\u00e9 mesmo talento para seguir as dicas acima, uma \u00f3tima ideia \u00e9 contratar um <a href=\"http:\/\/www.estudioequilibrio.com.br\/?utm_source=blog&amp;utm_medium=post&amp;utm_campaign=foto-ecommerce\" target=\"_blank\" rel=\"noopener\"><strong>fot\u00f3grafo profissional<\/strong><\/a>. Mesmo que inicialmente pare\u00e7a um investimento alto, <strong>lembre-se que os resultados poder\u00e3o ser ainda melhores<\/strong>, uma vez que ele j\u00e1 tem um vasto conhecimento e experi\u00eancia na \u00e1rea.<\/p>\n<p>Certamente isso resultar\u00e1 em <strong>fotos para e-commerce de excelente qualidade<\/strong>, destacando e valorizando ainda mais os seus produtos e servi\u00e7os.<\/p>\n<p>Conseguiu entender a import\u00e2ncia que as <strong>fotos para e-commerce tem para valorizar seus produtos?<\/strong> Conte\u00fados visuais s\u00e3o capazes de n\u00e3o apenas atrair olhares de mais consumidores, como tamb\u00e9m de ampliar a percep\u00e7\u00e3o que eles t\u00eam em rela\u00e7\u00e3o a sua marca, influenciando diretamente no engajamento e nas vendas.<\/p>\n<p>&nbsp;<\/p>\n<p>Nunca esque\u00e7a, as <strong>fotos para e-commerce<\/strong> devem ser feitas e selecionadas quase como as roupas e acess\u00f3rios que voc\u00ea usaria em um primeiro encontro com algu\u00e9m especial que deseja impressionar e conquistar. E certamente quando a inten\u00e7\u00e3o \u00e9 essa, somente o que h\u00e1 de melhor \u00e9 escolhido.<\/p>\n<p><strong>Gostou?<\/strong> Veja o <a href=\"https:\/\/www.brasilnaweb.com.br\/blog\/como-criar-uma-loja-virtual-de-sucesso\/\" target=\"_blank\" rel=\"noopener\">Guia de Conte\u00fados para Criar uma Loja Virtual de Sucesso<\/a> tamb\u00e9m!<\/p>\n<p>&nbsp;<\/p>\n<p><a href=\"https:\/\/br.freepik.com\/psd\/maquete\">Foto da capa por freepik &#8211; br.freepik.com<\/a><\/p>\n","protected":false},"excerpt":{"rendered":"<p>Sabia que investindo em fotos para e-commerce \u00e9 poss\u00edvel valorizar ainda mais os seus produtos? Exatamente! N\u00e3o vamos falar aqui sobre frases clich\u00eas como \u201cuma imagem vale mais do que mil palavras\u201d, embora essa seja uma verdade e se encaixe perfeitamente nesse contexto. Mas sim do quanto a sua loja virtual pode e deve usufruir [&hellip;]<\/p>\n","protected":false},"author":27,"featured_media":8046,"comment_status":"open","ping_status":"open","sticky":false,"template":"","format":"standard","meta":{"footnotes":""},"categories":[560],"tags":[805,804,801,803,806,802,807],"class_list":["post-8045","post","type-post","status-publish","format-standard","has-post-thumbnail","hentry","category-vendas","tag-bater-foto-com-celular-para-ecommerce","tag-fotografia-para-ecommerce","tag-fotos-para-ecommerce","tag-fotos-que-vendem","tag-posso-usar-celular-para-fotografar-produtos","tag-tecnicas-de-fotos-para-vendas-online","tag-tirar-fotos-com-celular-para-ecommerce"],"_links":{"self":[{"href":"https:\/\/brasilnaweb.com.br\/blog\/wp-json\/wp\/v2\/posts\/8045","targetHints":{"allow":["GET"]}}],"collection":[{"href":"https:\/\/brasilnaweb.com.br\/blog\/wp-json\/wp\/v2\/posts"}],"about":[{"href":"https:\/\/brasilnaweb.com.br\/blog\/wp-json\/wp\/v2\/types\/post"}],"author":[{"embeddable":true,"href":"https:\/\/brasilnaweb.com.br\/blog\/wp-json\/wp\/v2\/users\/27"}],"replies":[{"embeddable":true,"href":"https:\/\/brasilnaweb.com.br\/blog\/wp-json\/wp\/v2\/comments?post=8045"}],"version-history":[{"count":0,"href":"https:\/\/brasilnaweb.com.br\/blog\/wp-json\/wp\/v2\/posts\/8045\/revisions"}],"wp:featuredmedia":[{"embeddable":true,"href":"https:\/\/brasilnaweb.com.br\/blog\/wp-json\/wp\/v2\/media\/8046"}],"wp:attachment":[{"href":"https:\/\/brasilnaweb.com.br\/blog\/wp-json\/wp\/v2\/media?parent=8045"}],"wp:term":[{"taxonomy":"category","embeddable":true,"href":"https:\/\/brasilnaweb.com.br\/blog\/wp-json\/wp\/v2\/categories?post=8045"},{"taxonomy":"post_tag","embeddable":true,"href":"https:\/\/brasilnaweb.com.br\/blog\/wp-json\/wp\/v2\/tags?post=8045"}],"curies":[{"name":"wp","href":"https:\/\/api.w.org\/{rel}","templated":true}]}}