{"id":7975,"date":"2020-04-06T09:26:50","date_gmt":"2020-04-06T12:26:50","guid":{"rendered":"https:\/\/www.brasilnaweb.com.br\/blog\/?p=7975"},"modified":"2020-04-06T13:50:38","modified_gmt":"2020-04-06T16:50:38","slug":"ecommerce-covid-19-aumento-e-queda-de-vendas-usa","status":"publish","type":"post","link":"https:\/\/brasilnaweb.com.br\/blog\/ecommerce-covid-19-aumento-e-queda-de-vendas-usa\/","title":{"rendered":"Ecommerce &#038; COVID-19 &#8211; Aumento e Queda de Vendas &#8211; USA"},"content":{"rendered":"<p>A <strong>COVID-19<\/strong> tem um grande impacto no cen\u00e1rio de <strong>ecommerce mundial<\/strong> gerando tanto <strong>aumento quanto queda de vendas<\/strong> devido as mudan\u00e7as de prioridades dos consumidores.<\/p>\n<p>Abaixo voc\u00ea ver\u00e1 <a href=\"https:\/\/www.stackline.com\/news\/top-100-gaining-top-100-declining-e-commerce-categories-march-2020\" target=\"_blank\" rel=\"noopener\">um estudo<\/a>\u00a0americano que levantou as <strong>100 principais categorias que tiveram aumento e queda de vendas em mar\u00e7o de 2020, durante o COVID-19,\u00a0<\/strong>em rela\u00e7\u00e3o a mar\u00e7o de 2019.<\/p>\n<p>Os Estados Unidos possuem um mercado de ecommerce muito maior do que o brasileiro, tanto de vendas quanto de consumidores. Logo, observar o seu comportamento \u00e9 uma forma de entender o que pode estar ocorrendo ou prestes a ocorrer no ecommerce por aqui.<\/p>\n<p>Se voc\u00ea j\u00e1 possui um ecommerce ou ainda pretende <a href=\"https:\/\/www.brasilnaweb.com.br\"><strong>criar uma loja virtual<\/strong><\/a>, fa\u00e7a a an\u00e1lise deste estudo e como os segmentos que voc\u00ea atua ou pretende atuar, est\u00e3o se comportando. Observe potenciais mercados de oportunidade de momento que o seu neg\u00f3cio pode trabalhar facilmente.<\/p>\n<p>Dificuldades com o ingl\u00eas?<br \/>\n<a href=\"https:\/\/translate.google.com.br\/?hl=pt-PTa#view=home&amp;op=translate&amp;sl=en&amp;tl=pt\" target=\"_blank\" rel=\"noopener\">Abra o Google Translator aqui.<\/a><\/p>\n<h2>Lista das Top 100 Categorias que aumentaram e reduziram vendas no Ecommerce durante o COVID-19 em mar\u00e7o de 2020.<\/h2>\n<p>&nbsp;<\/p>\n<p><img loading=\"lazy\" decoding=\"async\" class=\"alignleft size-full wp-image-7978\" src=\"https:\/\/www.brasilnaweb.com.br\/blog\/wp-content\/uploads\/2020\/04\/categorias-cresceram-cairam-ecommerce-corona-virus-mundialmente.jpg\" alt=\"\" width=\"1594\" height=\"5043\" \/><\/p>\n","protected":false},"excerpt":{"rendered":"<p>A COVID-19 tem um grande impacto no cen\u00e1rio de ecommerce mundial gerando tanto aumento quanto queda de vendas devido as mudan\u00e7as de prioridades dos consumidores. Abaixo voc\u00ea ver\u00e1 um estudo\u00a0americano que levantou as 100 principais categorias que tiveram aumento e queda de vendas em mar\u00e7o de 2020, durante o COVID-19,\u00a0em rela\u00e7\u00e3o a mar\u00e7o de 2019. [&hellip;]<\/p>\n","protected":false},"author":27,"featured_media":7984,"comment_status":"open","ping_status":"open","sticky":false,"template":"","format":"standard","meta":{"footnotes":""},"categories":[13],"tags":[773,771,772,116,774,776,775],"class_list":["post-7975","post","type-post","status-publish","format-standard","has-post-thumbnail","hentry","category-ecommerce-lojistas","tag-aumento-de-vendas","tag-covid","tag-covid-19","tag-ecommerce","tag-reducao-de-vendas","tag-usa","tag-vendas-online"],"_links":{"self":[{"href":"https:\/\/brasilnaweb.com.br\/blog\/wp-json\/wp\/v2\/posts\/7975","targetHints":{"allow":["GET"]}}],"collection":[{"href":"https:\/\/brasilnaweb.com.br\/blog\/wp-json\/wp\/v2\/posts"}],"about":[{"href":"https:\/\/brasilnaweb.com.br\/blog\/wp-json\/wp\/v2\/types\/post"}],"author":[{"embeddable":true,"href":"https:\/\/brasilnaweb.com.br\/blog\/wp-json\/wp\/v2\/users\/27"}],"replies":[{"embeddable":true,"href":"https:\/\/brasilnaweb.com.br\/blog\/wp-json\/wp\/v2\/comments?post=7975"}],"version-history":[{"count":0,"href":"https:\/\/brasilnaweb.com.br\/blog\/wp-json\/wp\/v2\/posts\/7975\/revisions"}],"wp:featuredmedia":[{"embeddable":true,"href":"https:\/\/brasilnaweb.com.br\/blog\/wp-json\/wp\/v2\/media\/7984"}],"wp:attachment":[{"href":"https:\/\/brasilnaweb.com.br\/blog\/wp-json\/wp\/v2\/media?parent=7975"}],"wp:term":[{"taxonomy":"category","embeddable":true,"href":"https:\/\/brasilnaweb.com.br\/blog\/wp-json\/wp\/v2\/categories?post=7975"},{"taxonomy":"post_tag","embeddable":true,"href":"https:\/\/brasilnaweb.com.br\/blog\/wp-json\/wp\/v2\/tags?post=7975"}],"curies":[{"name":"wp","href":"https:\/\/api.w.org\/{rel}","templated":true}]}}