{"id":4676,"date":"2016-11-29T15:59:52","date_gmt":"2016-11-29T17:59:52","guid":{"rendered":"https:\/\/www.brasilnaweb.com.br\/?p=4676"},"modified":"2017-01-11T15:51:59","modified_gmt":"2017-01-11T17:51:59","slug":"servico-de-e-sedex-sera-interrompido-pelos-correios","status":"publish","type":"post","link":"https:\/\/brasilnaweb.com.br\/blog\/servico-de-e-sedex-sera-interrompido-pelos-correios\/","title":{"rendered":"Servi\u00e7o de e-SEDEX ser\u00e1 interrompido pelos Correios"},"content":{"rendered":"<h2><strong>e-SEDEX ser\u00e1 descontinuado a partir do dia 01 de Janeiro de 2017<\/strong><\/h2>\n<p>Os correios s\u00e3o parceiros do com\u00e9rcio eletr\u00f4nico e possuem solu\u00e7\u00f5es de entrega amplamente conhecidas por vendedores e compradores, tais como SEDEX, PAC e Log\u00edstica Reversa. Atualmente, todos os\u00a0<strong>servi\u00e7os de encomendas dos Correios s\u00e3o utilizados pelas lojas virtuais<\/strong>\u00a0para o envio de produtos a todas as localidades do pa\u00eds.<\/p>\n<p>Para manter a capacidade dessa oferta,\u00a0<strong>o servi\u00e7o e-SEDEX ser\u00e1 descontinuado a partir de 01\/01\/2017<\/strong>, por\u00e9m,\u00a0<strong>os Correios continuam a oferecer um conjunto de solu\u00e7\u00f5es que atendem \u00e0s necessidades de entrega dos seus produtos<\/strong>, incluindo ferramentas tecnol\u00f3gicas para a integra\u00e7\u00e3o de sistemas, prepara\u00e7\u00e3o e gest\u00e3o das postagens.<\/p>\n<p><em>(Trecho retirado da carta enviada pelos Correios para seus clientes de com\u00e9rcio eletr\u00f4nico. &#8211;\u00a0<u>Assinado pelo Gerente de Suporte de Vendas: F\u00e1bio Geraldo Oliveira Conde<\/u>) \u00a0<\/em><\/p>\n<p>&nbsp;<\/p>\n<p>-&gt; Com o e-SEDEX o valor do frete \u00e9 mais barato do que o SEDEX.<\/p>\n<p><a href=\"https:\/\/www.brasilnaweb.com.br\/wp-content\/uploads\/2016\/11\/sedex-esedex.jpg\"><img loading=\"lazy\" decoding=\"async\" class=\"alignnone wp-image-4668\" src=\"https:\/\/www.brasilnaweb.com.br\/wp-content\/uploads\/2016\/11\/sedex-esedex-300x121.jpg\" alt=\"sedex-esedex\" width=\"400\" height=\"161\" \/><\/a><\/p>\n<p><strong>\u00a0<\/strong><\/p>\n<h3><strong>Entenda como funciona o e-SEDEX<\/strong><\/h3>\n<p>O\u00a0<strong>e-SEDEX \u00e9 um servi\u00e7o dos Correios para remessa expressa de mercadorias\u00a0<\/strong>de at\u00e9 15 kg adquiridas<strong>\u00a0por meio do com\u00e9rcio eletr\u00f4nico<\/strong>, com pre\u00e7os\u00a0<strong>diferenciados para as<\/strong>\u00a0<strong>lojas online que contratam este servi\u00e7o<\/strong>.<\/p>\n<p>&nbsp;<\/p>\n<p>Dispon\u00edvel ao mercado desde 2000, o e-SEDEX acompanha a evolu\u00e7\u00e3o do e-commerce brasileiro.\u00a0<strong>Os prazos de entrega variam de 0 a tr\u00eas dias<\/strong>, conforme a modalidade do servi\u00e7o e a origem e destino da encomenda. Os prazos s\u00e3o contados a partir da postagem da encomenda nos Correios, dentro do hor\u00e1rio limite de postagem da ag\u00eancia.<\/p>\n<p>&nbsp;<\/p>\n<p>A entrega do e-SEDEX \u00e9 feita em tr\u00eas modalidades:<\/p>\n<p>&#8211; e-SEDEX Standard: entrega em at\u00e9 3 dias, dependendo da localidade. Atende toda a \u00e1rea de abrang\u00eancia do e-SEDEX;<br \/>\n&#8211; e-SEDEX Priorit\u00e1rio: \u00a0entrega at\u00e9 as 18h do dia da postagem, mas atende apenas na cidade de S\u00e3o Paulo (origem e destino);<br \/>\n&#8211; e-SEDEX Express: entrega at\u00e9 as 21h do dia da postagem, sendo modalidade tamb\u00e9m restrita a origem e destino na cidade de S\u00e3o Paulo.\u00a0<a href=\"https:\/\/www.correios.com.br\/para-sua-empresa\/comercio-eletronico\/servicos-de-entrega-dos-correios\">(Site dos Correios)<\/a><\/p>\n<p>&nbsp;<\/p>\n<p>Vamos estar acompanhar e trazer mais informa\u00e7\u00f5es sobre esta mudan\u00e7a&#8230; \ud83d\ude09<\/p>\n<p>&nbsp;<\/p>\n<p style=\"text-align: center;\"><strong>Confira o M\u00f3dulo com a Promo\u00e7\u00e3o de Anivers\u00e1rio Brasil na web 12 anos!<\/strong><\/p>\n<p><a href=\"https:\/\/goo.gl\/jtMgxQ\" target=\"_blank\"><img loading=\"lazy\" decoding=\"async\" class=\"wp-image-5046 aligncenter\" src=\"https:\/\/www.brasilnaweb.com.br\/wp-content\/uploads\/2016\/11\/modulo-rastreamento-correios-promocao-campanha-12anos-oferta.jpg\" alt=\"modulo-rastreamento-correios-promocao-campanha-12anos-oferta\" width=\"450\" height=\"236\" \/><\/a><\/p>\n<p>&nbsp;<\/p>\n","protected":false},"excerpt":{"rendered":"<p>e-SEDEX ser\u00e1 descontinuado a partir do dia 01 de Janeiro de 2017 Os correios s\u00e3o parceiros do com\u00e9rcio eletr\u00f4nico e possuem solu\u00e7\u00f5es de entrega amplamente conhecidas por vendedores e compradores, tais como SEDEX, PAC e Log\u00edstica Reversa. Atualmente, todos os\u00a0servi\u00e7os de encomendas dos Correios s\u00e3o utilizados pelas lojas virtuais\u00a0para o envio de produtos a todas [&hellip;]<\/p>\n","protected":false},"author":5,"featured_media":4667,"comment_status":"closed","ping_status":"open","sticky":false,"template":"","format":"standard","meta":{"footnotes":""},"categories":[13],"tags":[30,148,34,47,116,126,48],"class_list":["post-4676","post","type-post","status-publish","format-standard","has-post-thumbnail","hentry","category-ecommerce-lojistas","tag-brasil-na-web","tag-correios","tag-dica","tag-e-commerce","tag-ecommerce","tag-frete","tag-loja-virtual"],"_links":{"self":[{"href":"https:\/\/brasilnaweb.com.br\/blog\/wp-json\/wp\/v2\/posts\/4676","targetHints":{"allow":["GET"]}}],"collection":[{"href":"https:\/\/brasilnaweb.com.br\/blog\/wp-json\/wp\/v2\/posts"}],"about":[{"href":"https:\/\/brasilnaweb.com.br\/blog\/wp-json\/wp\/v2\/types\/post"}],"author":[{"embeddable":true,"href":"https:\/\/brasilnaweb.com.br\/blog\/wp-json\/wp\/v2\/users\/5"}],"replies":[{"embeddable":true,"href":"https:\/\/brasilnaweb.com.br\/blog\/wp-json\/wp\/v2\/comments?post=4676"}],"version-history":[{"count":0,"href":"https:\/\/brasilnaweb.com.br\/blog\/wp-json\/wp\/v2\/posts\/4676\/revisions"}],"wp:featuredmedia":[{"embeddable":true,"href":"https:\/\/brasilnaweb.com.br\/blog\/wp-json\/wp\/v2\/media\/4667"}],"wp:attachment":[{"href":"https:\/\/brasilnaweb.com.br\/blog\/wp-json\/wp\/v2\/media?parent=4676"}],"wp:term":[{"taxonomy":"category","embeddable":true,"href":"https:\/\/brasilnaweb.com.br\/blog\/wp-json\/wp\/v2\/categories?post=4676"},{"taxonomy":"post_tag","embeddable":true,"href":"https:\/\/brasilnaweb.com.br\/blog\/wp-json\/wp\/v2\/tags?post=4676"}],"curies":[{"name":"wp","href":"https:\/\/api.w.org\/{rel}","templated":true}]}}