{"id":3647,"date":"2016-01-22T09:31:30","date_gmt":"2016-01-22T11:31:30","guid":{"rendered":"https:\/\/www.brasilnaweb.com.br\/?p=3647"},"modified":"2016-01-22T10:13:35","modified_gmt":"2016-01-22T12:13:35","slug":"icms-como-as-regras-de-partilha-do-novo-icms-afetam-o-meu-negocio","status":"publish","type":"post","link":"https:\/\/brasilnaweb.com.br\/blog\/icms-como-as-regras-de-partilha-do-novo-icms-afetam-o-meu-negocio\/","title":{"rendered":"ICMS &#8211; Como as regras de partilha do Novo ICMS afetam o meu neg\u00f3cio?"},"content":{"rendered":"<p>A partir de janeiro de 2016, as empresas dever\u00e3o dividir, entre os estados comprador e vendedor, a arrecada\u00e7\u00e3o do <strong>Imposto sobre Circula\u00e7\u00e3o de Mercadorias e Servi\u00e7os (ICMS)<\/strong>, cobrado sobre seus produtos e servi\u00e7os. Trata-se da Emenda Constitucional n\u00ba 87 (EC 87\/2015), aprovada em setembro de 2015.<\/p>\n<p>O<strong> ICMS<\/strong> \u2013 que era em sua totalidade recolhido pelo estado onde fica a sede da loja \u2013 <strong>passa a ser compartilhado com o estado de resid\u00eancia do comprador<\/strong> ou de destino da mercadoria, que antes da mudan\u00e7a n\u00e3o tinha qualquer participa\u00e7\u00e3o no imposto cobrado. J\u00e1 as\u00a0lojas que n\u00e3o vendem para outros estados n\u00e3o sofrem nenhuma altera\u00e7\u00e3o.<\/p>\n<p>Conforme a EC 87\/2015, que entra em vigor em 01\/01\/2016, nas opera\u00e7\u00f5es que destinam bens e servi\u00e7os ao consumidor final n\u00e3o contribuinte de ICMS localizado em outro estado, o <strong>imposto devido corresponde \u00e0 diferen\u00e7a entre a al\u00edquota interna do estado de destino e a al\u00edquota interestadual<\/strong>, ser\u00e1 partilhado entre os estados de origem e de destino, nas seguintes propor\u00e7\u00f5es:<\/p>\n<p>&nbsp;<\/p>\n<div class=\"fusion-table table-1\">\n<table width=\"100%\">\n<thead>\n<tr>\n<th>Ano<\/th>\n<th>Estado de Origem<\/th>\n<th>Estado de Destino<\/th>\n<\/tr>\n<\/thead>\n<tbody>\n<tr>\n<td style=\"text-align: center;\">2016<\/td>\n<td style=\"text-align: center;\">40%<\/td>\n<td style=\"text-align: center;\">60%<\/td>\n<\/tr>\n<tr>\n<td style=\"text-align: center;\">2017<\/td>\n<td style=\"text-align: center;\">60%<\/td>\n<td style=\"text-align: center;\">40%<\/td>\n<\/tr>\n<tr>\n<td style=\"text-align: center;\">2018<\/td>\n<td style=\"text-align: center;\">80%<\/td>\n<td style=\"text-align: center;\">20%<\/td>\n<\/tr>\n<tr>\n<td style=\"text-align: center;\">2019<\/td>\n<td style=\"text-align: center;\">100%<\/td>\n<td style=\"text-align: center;\">0%<\/td>\n<\/tr>\n<\/tbody>\n<\/table>\n<\/div>\n<p>&nbsp;<\/p>\n<p>Alguns sistemas de gest\u00e3o, como o <a href=\"https:\/\/www.tiny.com.br\/site\/precos?parceiro=BRASILNAWEB\" target=\"_blank\">Tiny ERP<\/a>, <strong>j\u00e1 est\u00e3o adequados \u00e0 nova legisla\u00e7\u00e3o<\/strong>, realizando\u00a0c\u00e1lculos autom\u00e1ticos conforme o estado de destino e os rateios\u00a0progressivos, de acordo com a tabela acima. E vale lembrar que o <a href=\"https:\/\/www.brasilnaweb.com.br\/ecommerce-criacao-de-loja-virtual\" target=\"_blank\">Tiny ERP pode ser integrado a sua loja virtual da Brasil na Web<\/a> &#8211; o m\u00f3dulo \u00e9 gratuito!<\/p>\n<h3><strong>O que muda no c\u00e1lculo<\/strong><\/h3>\n<p>Para o c\u00e1lculo do <strong>ICMS pr\u00f3prio<\/strong>, bem como os valores destacados na DANFE (Documento Auxiliar da Nota Fiscal Eletr\u00f4nica), n\u00e3o haver\u00e1\u00a0altera\u00e7\u00e3o com a entrada em\u00a0vigor da EC 87\/2015. Por outro lado, o c\u00e1lculo da partilha do ICMS basicamente se dar\u00e1 da seguinte forma:<\/p>\n<p>Tendo como exemplo um e-commerce no regime Simples Nacional, localizado no estado de S\u00e3o Paulo, com al\u00edquota interestadual de 12% de ICMS, efetuando venda para o estado do Rio de Janeiro, que possui al\u00edquota interna de 19%, no caso de uma venda de um produto nacional cujo total \u00e9 R$1.000,00.<\/p>\n<ul>\n<li>O valor do ICMS que pode ser utilizado como cr\u00e9dito pelo comprador para essa venda (que n\u00e3o sofreu altera\u00e7\u00f5es) \u00e9 calculado normalmente. Para este exemplo, usaremos a al\u00edquota de 1,25%. Desta forma, tem-se R$1.000,00 x 1,25% = R$12,50.<\/li>\n<li>Para o ICMS da partilha entre as UFs, usa-se o diferencial entre as al\u00edquotas interestadual e interna do estado de destino, ou seja,\u00a019% \u2013 12% = 7%. Sendo assim, R$1.000,00 x 7% = R$70,00.<\/li>\n<\/ul>\n<p>Sobre o valor do <strong>ICMS da partilha<\/strong>, apurado no passo anterior, ainda deve-se efetuar o rateio entre\u00a0os estados de origem e destino. Para o ano de 2016, R$28,00 (correspondente aos 40%) s\u00e3o da UF destino (este \u00e9 o valor que deve ser gerado na GNRE para o recolhimento do imposto) e R$42,00 (correspondem aos 60%) s\u00e3o da UF de origem.<\/p>\n<p>Simulando o c\u00e1lculo para uma empresa no Regime Normal de tributa\u00e7\u00e3o, com as mesmas al\u00edquotas utilizadas no exemplo acima, estado de origem SP com al\u00edquota interestadual para o RJ de 12%,\u00a0al\u00edquota interna no RJ de\u00a019% e uma venda de um produto nacional cujo total \u00e9 R$1.000,00, tem-se a seguinte situa\u00e7\u00e3o:<\/p>\n<ul>\n<li>O ICMS da opera\u00e7\u00e3o\u00a0\u00e9 o resultado de R$1.000,00 x 12%, sendo o valor R$120,00 (este \u00e9 valor correspondente ao ICMS pr\u00f3prio, que n\u00e3o sofreu nenhuma altera\u00e7\u00e3o).<\/li>\n<li>Para a partilha do ICMS, neste caso, \u00e9 o resultado da equa\u00e7\u00e3o R$1.000,00 x 7% (19% \u2013 12% = 7%) resultando em R$70,00. Deste valor, 40% s\u00e3o da UF de destino (R$28,00) e 60% (R$42,00) da UF de origem.<\/li>\n<\/ul>\n<h3><strong>Como fica a\u00a0Nota Fiscal Eletr\u00f4nica<\/strong><\/h3>\n<p>S\u00e3o necess\u00e1rios alguns novos campos no arquivo XML da Nota Fiscal Eletr\u00f4nica (NF-e) , para comportar a nova forma de apresenta\u00e7\u00e3o do ICMS, como:<\/p>\n<ul>\n<li><strong>ICMS para UF Destino<\/strong>: grupo de campos que recebem as informa\u00e7\u00f5es do ICMS devido para o destino das mercadorias;<\/li>\n<li>Totais de ICMS Destino: grupo de campos que totalizam os impostos devidos ao destino na nota fiscal;<\/li>\n<\/ul>\n<p>A\u00a0DANFE, em\u00a0princ\u00edpio, n\u00e3o sofrer\u00e1\u00a0mudan\u00e7a no layout, mas as empresas devem informar no campo de Informa\u00e7\u00f5es\u00a0Adicionais, os valores recolhidos atrav\u00e9s das guias de recolhimento, ou seja, os valores descritos no campo espec\u00edfico da partilha do ICMS do XML.<\/p>\n<h3><strong>Guia de recolhimento dos tributos<\/strong><\/h3>\n<p>Com rela\u00e7\u00e3o ao recolhimento do imposto, para empresas que n\u00e3o possuem Inscri\u00e7\u00e3o Estadual nos estados de destino, \u00e9 usada a guia GNRE, e isto significa que <strong>o recolhimento \u00e9 efetuado por opera\u00e7\u00e3o, ou seja, para cada nota fiscal<\/strong>. A indica\u00e7\u00e3o \u00e9 que a mercadoria circule com a guia de recolhimento com pagamento efetuado para os casos de recolhimento por opera\u00e7\u00e3o.<\/p>\n<p>Para as empresas que possuem Inscri\u00e7\u00e3o Estadual no estado destino, deve-se utilizar a guia do pr\u00f3prio estado, que permite que o recolhimento seja efetuado pela\u00a0apura\u00e7\u00e3o mensal do ICMS.<\/p>\n<p>&nbsp;<\/p>\n<h3><strong>Impacto<\/strong><\/h3>\n<p>O\u00a0mercado de e-commerce, principalmente, precisar\u00e1 rever seus custos, pois os produtos ter\u00e3o incid\u00eancias diferentes de impostos, dependendo do destino da venda.<\/p>\n<p>\u00c9 importante salientar que a EC 87\/2015 n\u00e3o aplica-se apenas para e-commerce, mas para todas as opera\u00e7\u00f5es para fora do Estado de inscri\u00e7\u00e3o da empresa e que o consumidor final seja n\u00e3o contribuinte.<\/p>\n<p>&nbsp;<\/p>\n<h3><strong>Como exibir os pre\u00e7os na minha loja virtual?<\/strong><\/h3>\n<p>Teoricamente, os produtos ter\u00e3o valores de venda diferentes conforme as al\u00edquotas dos Estados de destino, mas a EC 87\/2015 \u00e9 clara quando fala que estes custos s\u00e3o da empresa e n\u00e3o do cliente. Considerando esse ponto, \u00e9 importante que na forma\u00e7\u00e3o do pre\u00e7o de venda, no markup do produto, estas diferencia\u00e7\u00f5es estejam inclusas e a indica\u00e7\u00e3o \u00e9 usar o custo m\u00e9dio dos produtos, podendo usar t\u00e9cnicas de curva ABC ou m\u00e9dia ponderada.<\/p>\n<p>&nbsp;<\/p>\n<h3><strong>A disputa pela queda do Novo ICMS<\/strong><\/h3>\n<p>Entidades como Sebrae e OAB j\u00e1 est\u00e3o preparando uma\u00a0a\u00e7\u00e3o direta de inconstitucionalidade a ser proposta por todas as entidades coordenadas pelo <a class=\"_58cn\" href=\"https:\/\/www.facebook.com\/hashtag\/sebrae?source=feed_text&amp;story_id=886345504816666\" data-ft=\"{&quot;tn&quot;:&quot;*N&quot;,&quot;type&quot;:104}\"><span class=\"_58cl\">\u202a\u200e<\/span><\/a><span class=\"_58cm\">Sebrae\u202c<\/span>, <strong>contra as novas regras para cobran\u00e7a de <\/strong><a class=\"_58cn\" href=\"https:\/\/www.facebook.com\/hashtag\/icms?source=feed_text&amp;story_id=886345504816666\" data-ft=\"{&quot;tn&quot;:&quot;*N&quot;,&quot;type&quot;:104}\"><strong><span class=\"_58cl\">\u202a<\/span><\/strong><\/a><strong><span class=\"_58cl\">#<\/span><\/strong><span class=\"_58cm\"><strong>ICMS<\/strong><\/span><a class=\"_58cn\" href=\"https:\/\/www.facebook.com\/hashtag\/icms?source=feed_text&amp;story_id=886345504816666\" data-ft=\"{&quot;tn&quot;:&quot;*N&quot;,&quot;type&quot;:104}\"><span class=\"_58cm\">\u202c<\/span><\/a> nas opera\u00e7\u00f5es interestaduais. O Sr. <a href=\"https:\/\/www.facebook.com\/guilhermeafif\/?fref=ts\" target=\"_blank\">Guilherme Afif<\/a>, Presidente do SEBRAE Nacional, est\u00e1 articulando\u00a0os esfor\u00e7os\u00a0necess\u00e1rios para que esse movimento granhe for\u00e7a e derrube a nova regra que, de acordo com o Sebrae, j\u00e1 \u00e9 respons\u00e1vel pelo <strong>fechamento de uma empresa por minuto no pa\u00eds<\/strong>.<\/p>\n<p>&#8220;N\u00e3o podemos aguardar uma pr\u00f3xima reuni\u00e3o do <a class=\"_58cn\" href=\"https:\/\/www.facebook.com\/hashtag\/confaz?source=feed_text&amp;story_id=885991231518760\" data-ft=\"{&quot;tn&quot;:&quot;*N&quot;,&quot;type&quot;:104}\"><span class=\"_58cl\">\u202a<\/span><\/a><span class=\"_58cm\">Confaz\u202c<\/span> para revoga\u00e7\u00e3o dessa medida. Vamos entrar o mais r\u00e1pido poss\u00edvel com uma A\u00e7\u00e3o Direta de Inconstitucionalidade (ADI) no STF para que seja cumprido o tratamento diferenciado \u00e0s MPEs, previsto na Constitui\u00e7\u00e3o.&#8221;<\/p>\n<p>&nbsp;<\/p>\n<p>Continuaremos acompanhando e divulgando as novidades sobre a mobiliza\u00e7\u00e3o de combate\u00a0<strong>as regras da partilha do ICMS interestadual<\/strong>\u00a0que mudou as regras do ICMS no Brasil.<\/p>\n<p><strong>#mobiliza\u00e7\u00e3o #ICMS #e-commerce #MPEs<\/strong><\/p>\n<p>&nbsp;<\/p>\n","protected":false},"excerpt":{"rendered":"<p>A partir de janeiro de 2016, as empresas dever\u00e3o dividir, entre os estados comprador e vendedor, a arrecada\u00e7\u00e3o do Imposto sobre Circula\u00e7\u00e3o de Mercadorias e Servi\u00e7os (ICMS), cobrado sobre seus produtos e servi\u00e7os. Trata-se da Emenda Constitucional n\u00ba 87 (EC 87\/2015), aprovada em setembro de 2015. O ICMS \u2013 que era em sua totalidade recolhido [&hellip;]<\/p>\n","protected":false},"author":27,"featured_media":3650,"comment_status":"closed","ping_status":"open","sticky":false,"template":"","format":"standard","meta":{"footnotes":""},"categories":[13],"tags":[175,473,475,474,472],"class_list":["post-3647","post","type-post","status-publish","format-standard","has-post-thumbnail","hentry","category-ecommerce-lojistas","tag-icms","tag-interestadual","tag-mobilizacao","tag-partilha","tag-regras"],"_links":{"self":[{"href":"https:\/\/brasilnaweb.com.br\/blog\/wp-json\/wp\/v2\/posts\/3647","targetHints":{"allow":["GET"]}}],"collection":[{"href":"https:\/\/brasilnaweb.com.br\/blog\/wp-json\/wp\/v2\/posts"}],"about":[{"href":"https:\/\/brasilnaweb.com.br\/blog\/wp-json\/wp\/v2\/types\/post"}],"author":[{"embeddable":true,"href":"https:\/\/brasilnaweb.com.br\/blog\/wp-json\/wp\/v2\/users\/27"}],"replies":[{"embeddable":true,"href":"https:\/\/brasilnaweb.com.br\/blog\/wp-json\/wp\/v2\/comments?post=3647"}],"version-history":[{"count":0,"href":"https:\/\/brasilnaweb.com.br\/blog\/wp-json\/wp\/v2\/posts\/3647\/revisions"}],"wp:featuredmedia":[{"embeddable":true,"href":"https:\/\/brasilnaweb.com.br\/blog\/wp-json\/wp\/v2\/media\/3650"}],"wp:attachment":[{"href":"https:\/\/brasilnaweb.com.br\/blog\/wp-json\/wp\/v2\/media?parent=3647"}],"wp:term":[{"taxonomy":"category","embeddable":true,"href":"https:\/\/brasilnaweb.com.br\/blog\/wp-json\/wp\/v2\/categories?post=3647"},{"taxonomy":"post_tag","embeddable":true,"href":"https:\/\/brasilnaweb.com.br\/blog\/wp-json\/wp\/v2\/tags?post=3647"}],"curies":[{"name":"wp","href":"https:\/\/api.w.org\/{rel}","templated":true}]}}