{"id":3483,"date":"2015-11-25T17:28:39","date_gmt":"2015-11-25T19:28:39","guid":{"rendered":"https:\/\/www.brasilnaweb.com.br\/?p=3483"},"modified":"2015-11-25T17:28:39","modified_gmt":"2015-11-25T19:28:39","slug":"black-friday-2015-deve-movimentar-r-131-bilhao-estima-abcomm","status":"publish","type":"post","link":"https:\/\/brasilnaweb.com.br\/blog\/black-friday-2015-deve-movimentar-r-131-bilhao-estima-abcomm\/","title":{"rendered":"Black Friday 2015 deve movimentar R$ 1,31 bilh\u00e3o, estima ABComm"},"content":{"rendered":"<p>A ser realizada no pr\u00f3ximo dia 27 de novembro, a edi\u00e7\u00e3o deste ano da <strong>Black Friday deve ter faturamento de R$ 1,31 bilh\u00e3o<\/strong>. A estimativa \u00e9 da Associa\u00e7\u00e3o Brasileira de Com\u00e9rcio Eletr\u00f4nico (ABComm). Esse valor representa um crescimento de 18% em rela\u00e7\u00e3o ao montante movimentado na mesma data de 2014.<\/p>\n<p>De acordo com a ABComm, essa cifra abrange as compras a serem realizadas entre os dias 23 e 30 de novembro. As categorias de produtos mais vendidas devem ser eletr\u00f4nicos, inform\u00e1tica, moda e eletrodom\u00e9sticos. O com\u00e9rcio eletr\u00f4nico j\u00e1 considera a <strong>Black Friday como a segunda data mais importante para o varejo<\/strong>, atr\u00e1s do Natal e a frente do Dias das M\u00e3es, de acordo com pesquisa realizada pela entidade.<\/p>\n<p>A Associa\u00e7\u00e3o estima tamb\u00e9m que as vendas na Black Friday deste ano devem j\u00e1 antecipar as compras de Natal pelos consumidores. De acordo com a ABComm, a Black Friday em 2015 ter\u00e1 uma sobreposi\u00e7\u00e3o de vendas estimada em 36%. \u201cIsso significa dizer que <strong>36% das vendas ser\u00e3o pessoas antecipando as compras de Natal<\/strong>\u201d, avalia Maur\u00edcio Salvador, presidente da ABComm.<\/p>\n<p>A ABComm avalia ainda que as promo\u00e7\u00f5es devem come\u00e7ar de forma antecipada ao dia 27 de novembro. \u201cA Black Friday no Brasil esse ano deve ser antecipada\u201d, afirma Salvador. \u201cAlgumas lojas devem come\u00e7ar a oferecer descontos j\u00e1 no inicio de novembro\u201d, complementa o presidente da entidade.<\/p>\n<p><a href=\"https:\/\/www.brasilnaweb.com.br\/blog\/5-dicas-para-preparar-a-sua-loja-virtual-para-o-black-friday\" target=\"_blank\">Aproveite e saiba como preparar a sua loja virtual para o Black Friday<\/a><\/p>\n<p>Fonte: http:\/\/ecommercenews.com.br\/noticias\/balancos\/black-friday-2015-deve-movimentar-r-131-bilhao-estima-abcomm<\/p>\n","protected":false},"excerpt":{"rendered":"<p>A ser realizada no pr\u00f3ximo dia 27 de novembro, a edi\u00e7\u00e3o deste ano da Black Friday deve ter faturamento de R$ 1,31 bilh\u00e3o. A estimativa \u00e9 da Associa\u00e7\u00e3o Brasileira de Com\u00e9rcio Eletr\u00f4nico (ABComm). Esse valor representa um crescimento de 18% em rela\u00e7\u00e3o ao montante movimentado na mesma data de 2014. De acordo com a ABComm, [&hellip;]<\/p>\n","protected":false},"author":27,"featured_media":3498,"comment_status":"closed","ping_status":"open","sticky":false,"template":"","format":"standard","meta":{"footnotes":""},"categories":[13],"tags":[445,295,441,447],"class_list":["post-3483","post","type-post","status-publish","format-standard","has-post-thumbnail","hentry","category-ecommerce-lojistas","tag-445","tag-black-friday","tag-blackfriday","tag-faturamento"],"_links":{"self":[{"href":"https:\/\/brasilnaweb.com.br\/blog\/wp-json\/wp\/v2\/posts\/3483","targetHints":{"allow":["GET"]}}],"collection":[{"href":"https:\/\/brasilnaweb.com.br\/blog\/wp-json\/wp\/v2\/posts"}],"about":[{"href":"https:\/\/brasilnaweb.com.br\/blog\/wp-json\/wp\/v2\/types\/post"}],"author":[{"embeddable":true,"href":"https:\/\/brasilnaweb.com.br\/blog\/wp-json\/wp\/v2\/users\/27"}],"replies":[{"embeddable":true,"href":"https:\/\/brasilnaweb.com.br\/blog\/wp-json\/wp\/v2\/comments?post=3483"}],"version-history":[{"count":0,"href":"https:\/\/brasilnaweb.com.br\/blog\/wp-json\/wp\/v2\/posts\/3483\/revisions"}],"wp:featuredmedia":[{"embeddable":true,"href":"https:\/\/brasilnaweb.com.br\/blog\/wp-json\/wp\/v2\/media\/3498"}],"wp:attachment":[{"href":"https:\/\/brasilnaweb.com.br\/blog\/wp-json\/wp\/v2\/media?parent=3483"}],"wp:term":[{"taxonomy":"category","embeddable":true,"href":"https:\/\/brasilnaweb.com.br\/blog\/wp-json\/wp\/v2\/categories?post=3483"},{"taxonomy":"post_tag","embeddable":true,"href":"https:\/\/brasilnaweb.com.br\/blog\/wp-json\/wp\/v2\/tags?post=3483"}],"curies":[{"name":"wp","href":"https:\/\/api.w.org\/{rel}","templated":true}]}}